{"id":3014,"__str__":"Decreto Municipal n\u00ba 6.697, de 23 de mar\u00e7o de 2022","link_detail_backend":"/norma/3014","metadata":{},"texto_integral":"http://sapl.carmodoparanaiba.mg.leg.br/media/sapl/public/normajuridica/2022/3014/decreto_municipal_no_6.697_de__23_de_marco_de_2022.pdf","numero":"6697","ano":2022,"esfera_federacao":"M","data":"2022-03-23","data_publicacao":"2022-03-23","veiculo_publicacao":"Site da C\u00e2mara","pagina_inicio_publicacao":1,"pagina_fim_publicacao":1,"ementa":"Convoca a 1\u00aa Confer\u00eancia Municipal de Sa\u00fade Mental de Carmo do Parana\u00edba.","indexacao":"Convoca a 1\u00aa Confer\u00eancia Municipal de Sa\u00fade Mental de Carmo do Parana\u00edba.","observacao":"","complemento":false,"data_vigencia":null,"timestamp":"2022-08-01T16:49:23.911257-03:00","data_ultima_atualizacao":"2022-08-01T16:49:24.068517-03:00","ip":"170.79.92.142","ultima_edicao":"2022-08-01T16:48:26.426854-03:00","tipo":10,"materia":null,"orgao":null,"user":25,"assuntos":[16],"autores":[]}