{"id":6958,"__str__":"Proposta de Emenda n\u00ba 8 de 2019 | Proposi\u00e7\u00e3o inclusa na Ordem do Dia | 02/07/2019","link_detail_backend":"/materia/tramitacao/6958","metadata":{},"timestamp":"2019-07-03T12:20:47.768467-03:00","data_tramitacao":"2019-07-02","data_encaminhamento":"2019-07-02","urgente":false,"turno":"U","texto":"Proposi\u00e7\u00e3o encaminhada aos vereadores, por meio do Of\u00edcio Circular n\u00ba 15/2019, para aprecia\u00e7\u00e3o e vota\u00e7\u00e3o em turno \u00fanico. (ver documento acess\u00f3rio)","data_fim_prazo":null,"ip":"191.54.76.192","ultima_edicao":null,"status":3,"materia":1150,"unidade_tramitacao_local":3,"unidade_tramitacao_destino":6,"user":23}