{"id":6842,"__str__":"Indica\u00e7\u00e3o n\u00ba 12 de 2019 | Proposi\u00e7\u00e3o inclusa na Ordem do Dia | 10/06/2019","link_detail_backend":"/materia/tramitacao/6842","metadata":{},"timestamp":"2019-06-11T09:31:39.902366-03:00","data_tramitacao":"2019-06-10","data_encaminhamento":"2019-06-11","urgente":false,"turno":"U","texto":"Proposi\u00e7\u00e3o encaminhada aos vereadores, por meio do Of\u00edcio Circular n\u00ba 13/2019, para aprecia\u00e7\u00e3o e vota\u00e7\u00e3o em turno \u00fanico (ver documento acess\u00f3rio)","data_fim_prazo":null,"ip":"191.54.88.247","ultima_edicao":null,"status":3,"materia":1145,"unidade_tramitacao_local":3,"unidade_tramitacao_destino":6,"user":17}