{"id":5380,"__str__":"Projeto de Lei Ordin\u00e1ria n\u00ba 13 de 2018 | Proposi\u00e7\u00e3o retirada da Ordem do Dia. | 10/05/2018","link_detail_backend":"/materia/tramitacao/5380","metadata":{},"timestamp":"2018-10-09T08:16:03.887005-03:00","data_tramitacao":"2018-05-10","data_encaminhamento":"2018-05-10","urgente":false,"turno":"","texto":"Com o deferimento do pedido do vereador Albert, o Presidente Jader Quintino Alves retirou o PL n\u00ba 13/2018 da Ordem do Dia, comunicando ao Plen\u00e1rio que a proposi\u00e7\u00e3o ser\u00e1 inclu\u00edda na pauta da pr\u00f3xima sess\u00e3o ordin\u00e1ria","data_fim_prazo":null,"ip":"","ultima_edicao":null,"status":49,"materia":986,"unidade_tramitacao_local":3,"unidade_tramitacao_destino":2,"user":null}