{"id":14332,"__str__":"Indica\u00e7\u00e3o n\u00ba 46 de 2023 | Proposi\u00e7\u00e3o inclusa na Ordem do Dia | 09/03/2023","link_detail_backend":"/materia/tramitacao/14332","metadata":{},"timestamp":"2023-03-09T13:10:52.224607-03:00","data_tramitacao":"2023-03-09","data_encaminhamento":"2023-03-09","urgente":false,"turno":"","texto":"Encaminhada c\u00f3pia da mat\u00e9ria, aos vereadores, via Of\u00edcio Circular n\u00b0 007/2023, datado do dia 06/03/2023. (ver documento acess\u00f3rio).","data_fim_prazo":null,"ip":"170.79.92.146","ultima_edicao":"2023-03-09T13:10:50.900435-03:00","status":3,"materia":2131,"unidade_tramitacao_local":3,"unidade_tramitacao_destino":6,"user":25}