{"id":2414,"__str__":"Mensagem de Veto n\u00ba 15 de 2023","link_detail_backend":"/materia/2414","metadata":{},"numero":15,"ano":2023,"numero_protocolo":367,"data_apresentacao":"2023-08-07","tipo_apresentacao":"E","data_publicacao":null,"numero_origem_externa":"","ano_origem_externa":null,"data_origem_externa":null,"apelido":"","dias_prazo":null,"data_fim_prazo":null,"em_tramitacao":true,"polemica":false,"objeto":"","complementar":false,"ementa":"Mensagem de Veto Integral \u00e0 Proposi\u00e7\u00e3o de Lei n\u00ba 971 de 10 de julho de 2023, origin\u00e1ria do Projeto de Lei n\u00ba 36/2023, de autoria da vereadora Maira que \"Disp\u00f5e sobre a triagem precoce para diagn\u00f3stico do TEA - Transtorno do Espectro do Autismo nas unidades de sa\u00fade do munic\u00edpio de Carmo do Parana\u00edba (MG), por meio da aplica\u00e7\u00e3o do question\u00e1rio MCHAT.\".","indexacao":"","observacao":"","resultado":"","texto_original":"http://sapl.carmodoparanaiba.mg.leg.br/media/sapl/public/materialegislativa/2023/2414/mensagem_de_veto_no_15_de_27_de_julho_de_2023.pdf","data_ultima_atualizacao":"2023-08-16T12:23:35.516231-03:00","ip":"170.79.92.151","ultima_edicao":"2023-08-07T15:18:33.547652-03:00","tipo":14,"regime_tramitacao":1,"tipo_origem_externa":null,"local_origem_externa":null,"user":25,"anexadas":[],"autores":[33]}