{"id":2053,"__str__":"Projeto de Lei Complementar n\u00ba 1 de 2023","link_detail_backend":"/materia/2053","metadata":{},"numero":1,"ano":2023,"numero_protocolo":3,"data_apresentacao":"2023-01-04","tipo_apresentacao":"E","data_publicacao":null,"numero_origem_externa":"","ano_origem_externa":null,"data_origem_externa":null,"apelido":"","dias_prazo":null,"data_fim_prazo":null,"em_tramitacao":false,"polemica":false,"objeto":"","complementar":false,"ementa":"Altera a Lei Complementar n\u00ba 14 de 30 de junho de 2022 que \u201cDisp\u00f5e sobre a reestrutura\u00e7\u00e3o do Plano de Cargos, Carreiras e Vencimentos dos Servidores da C\u00e2mara Municipal de Carmo do Parana\u00edba/MG, e d\u00e1 outras provid\u00eancias.\u201d","indexacao":"Altera a Lei Complementar n\u00ba 14 de 30 de junho de 2022 que \u201cDisp\u00f5e sobre a reestrutura\u00e7\u00e3o do Plano de Cargos, Carreiras e Vencimentos dos Servidores da C\u00e2mara Municipal de Carmo do Parana\u00edba/MG, e d\u00e1 outras provid\u00eancias.\u201d","observacao":"","resultado":"","texto_original":"http://sapl.carmodoparanaiba.mg.leg.br/media/sapl/public/materialegislativa/2023/2053/projeto_de_lei_complementar_no_01-2023.pdf","data_ultima_atualizacao":"2023-02-15T17:04:30.215408-03:00","ip":"170.79.92.165","ultima_edicao":"2023-01-10T12:56:33.710747-03:00","tipo":5,"regime_tramitacao":1,"tipo_origem_externa":null,"local_origem_externa":null,"user":25,"anexadas":[2062,2084,2085],"autores":[21]}