{"id":1542,"__str__":"Mo\u00e7\u00e3o de Aplauso n\u00ba 6 de 2021","link_detail_backend":"/materia/1542","metadata":{},"numero":6,"ano":2021,"numero_protocolo":118,"data_apresentacao":"2021-07-01","tipo_apresentacao":"E","data_publicacao":null,"numero_origem_externa":"","ano_origem_externa":null,"data_origem_externa":null,"apelido":"","dias_prazo":null,"data_fim_prazo":null,"em_tramitacao":true,"polemica":false,"objeto":"","complementar":false,"ementa":"Deixar registrado seu aplauso ao REITOR DA UNIVERSIDADE FEDERAL DE VI\u00c7OSA - PROF. DEM\u00c9TRIUS DAVID, PELOS 15 ANOS DE IMPLANTA\u00c7\u00c3O DO CAMPUS DA UFV EM RIO PARANA\u00cdBA/MG.","indexacao":"","observacao":"","resultado":"","texto_original":"http://sapl.carmodoparanaiba.mg.leg.br/media/sapl/public/materialegislativa/2021/1542/mocao_de_aplauso_no_06-2021.pdf","data_ultima_atualizacao":"2021-07-09T09:07:25.880549-03:00","ip":"191.55.81.2","ultima_edicao":"2021-07-05T11:58:47.026234-03:00","tipo":20,"regime_tramitacao":1,"tipo_origem_externa":null,"local_origem_externa":null,"user":25,"anexadas":[],"autores":[52]}