{"id":4300,"__str__":"Anexo da Proposi\u00e7\u00e3o - f)Objetivos Priorit\u00e1rios e Programas-Op. Especiais de 31/10/2019 por C\u00e9sar Caetano de Almeida Filho","link_detail_backend":"/materia/documentoacessorio/4300","metadata":{},"nome":"f)Objetivos Priorit\u00e1rios e Programas-Op. Especiais","data":"2019-10-31","autor":"C\u00e9sar Caetano de Almeida Filho","ementa":"","indexacao":"","arquivo":"http://sapl.carmodoparanaiba.mg.leg.br/media/sapl/public/documentoacessorio/2019/4300/fobjetivos_prioritarios_e_programas_operacoes_especiais.pdf","data_ultima_atualizacao":"2019-11-01T14:59:20.036933-03:00","materia":1194,"tipo":12}