{"id":4292,"__str__":"Anexo da Proposi\u00e7\u00e3o - i)Demonstrativo  Vinculo com os Recursos - Anexo 8 de 30/10/2019 por C\u00e9sar Caetano de Almeida Filho","link_detail_backend":"/materia/documentoacessorio/4292","metadata":{},"nome":"i)Demonstrativo  Vinculo com os Recursos - Anexo 8","data":"2019-10-30","autor":"C\u00e9sar Caetano de Almeida Filho","ementa":"","indexacao":"","arquivo":"http://sapl.carmodoparanaiba.mg.leg.br/media/sapl/public/documentoacessorio/2019/4292/i__pl_no_48_-_demonstrativo_de_funcoes_subfuncoes_e_programas_conforme_vinculo_com_os_recursos_-_anexo_8.pdf","data_ultima_atualizacao":"2019-11-01T14:19:37.312336-03:00","materia":1193,"tipo":12}