{"id":4106,"__str__":"Of\u00edcio - a) Encaminha PL \u00e0 C\u00e2mara de 30/07/2019 por Jader Quintino Alves","link_detail_backend":"/materia/documentoacessorio/4106","metadata":{},"nome":"a) Encaminha PL \u00e0 C\u00e2mara","data":"2019-07-30","autor":"Jader Quintino Alves","ementa":"","indexacao":"","arquivo":"http://sapl.carmodoparanaiba.mg.leg.br/media/sapl/public/documentoacessorio/2019/4106/pl_no_29-2019_-_oficio_encaminhando_o_pl_a_camara.pdf","data_ultima_atualizacao":"2019-08-01T17:07:00.874337-03:00","materia":1159,"tipo":30}