{"id":3669,"__str__":"Parecer ou Mensagem - m) Parecer de Reda\u00e7\u00e3o Final de 14/02/2019 por Comiss\u00e3o Especial","link_detail_backend":"/materia/documentoacessorio/3669","metadata":{},"nome":"m) Parecer de Reda\u00e7\u00e3o Final","data":"2019-02-14","autor":"Comiss\u00e3o Especial","ementa":"Comiss\u00e3o Especial, nomeada por meio da Portaria n\u00ba 012, de 21 de janeiro de 2019, composta dos vereadores: Jader Quintino Alves - como Presidente; Jo\u00e3o Vaz de Oliveira - como Relator; e Julio Cesar Moraes Gontijo - como Membro","indexacao":"","arquivo":"http://sapl.carmodoparanaiba.mg.leg.br/media/sapl/public/documentoacessorio/2018/3669/plc_no_01-2018_-_ce_-_parecer_de_redacao_final.pdf","data_ultima_atualizacao":"2019-02-16T13:55:32.344831-02:00","materia":1042,"tipo":4}