{"id":149,"__str__":"Anexo da Proposi\u00e7\u00e3o - Documentos \u00e0 CEF de 04/06/2014 por Marcos Aur\u00e9lio Costa Lagares","link_detail_backend":"/materia/documentoacessorio/149","metadata":{},"nome":"Documentos \u00e0 CEF","data":"2014-06-04","autor":"Marcos Aur\u00e9lio Costa Lagares","ementa":"                    \r\n                ","indexacao":"","arquivo":"http://sapl.carmodoparanaiba.mg.leg.br/media/sapl/public/documentoacessorio/2014/149/149.pdf","data_ultima_atualizacao":"2018-10-09T08:16:16.244128-03:00","materia":319,"tipo":12}