{"id":2,"__str__":"Revis\u00e3o do Plano Diretor de Carmo do Parana\u00edba - CECLE e CSAS","link_detail_backend":"/audiencia/2","metadata":{},"numero":2,"ano":2026,"nome":"Revis\u00e3o do Plano Diretor de Carmo do Parana\u00edba - CECLE e CSAS","tema":"Discuss\u00e3o do Projeto do Plano Diretor Municipal sob a vis\u00e3o das Comiss\u00f5es de Educa\u00e7\u00e3o, Cultura, Lazer e Esporte e Sa\u00fade e Assist\u00eancia Social","data":"2026-04-29","hora_inicio":"15:00","hora_fim":"19:00","observacao":"","audiencia_cancelada":false,"url_audio":"","url_video":"https://www.youtube.com/watch?v=TW5rgfhXcgw","upload_pauta":null,"upload_ata":null,"upload_anexo":null,"materia":3504,"tipo":1,"parlamentar_autor":64,"requerimento":3606}